{"id":6605,"date":"2022-03-13T13:00:00","date_gmt":"2022-03-13T12:00:00","guid":{"rendered":"https:\/\/bayerisches-jazzweekend.de\/prod\/?p=6605"},"modified":"2022-03-07T14:11:07","modified_gmt":"2022-03-07T13:11:07","slug":"martin-listabarth","status":"publish","type":"post","link":"https:\/\/bayerisches-jazzweekend.de\/prod\/2022\/martin-listabarth\/","title":{"rendered":"Martin Listabarth"},"content":{"rendered":"\n<p>Der Wiener Komponist und Pianist Martin Listabarth verbindet auf seinem zweiten Soloalbum mit klanglicher Eleganz, instrumentaler Verspieltheit und musikalischer Raffinesse Jazz und Klassik. Jedes seiner St\u00fccke ist einer konkreten Person gewidmet, deren Leidenschaft f\u00fcr ihr pers\u00f6nliches Sujet ihn inspirierte &#8211; was einen weiten Bogen von Schriftstellerin Agatha Christie \u00fcber Fu\u00dfballer Diego Maradonna bis hin zu Kryptoanalytiker Alan Turing spannt. Er l\u00e4dt ein, mit ihm auf Seelenwanderung zu gehen und tief einzutauchen in die Faszination Mensch, die im Nachsp\u00fcren das Potential hat, zum einzigartigen Erlebnis zu werden.<\/p>\n","protected":false},"excerpt":{"rendered":"<p>Der Wiener Komponist und Pianist Martin Listabarth verbindet auf seinem zweiten Soloalbum mit klanglicher Eleganz, instrumentaler Verspieltheit und musikalischer Raffinesse Jazz und Klassik. Jedes seiner St\u00fccke ist einer konkreten Person gewidmet, deren Leidenschaft f\u00fcr ihr pers\u00f6nliches Sujet ihn inspirierte &#8211; was einen weiten Bogen von Schriftstellerin Agatha Christie \u00fcber Fu\u00dfballer Diego Maradonna bis hin zu [&hellip;]<\/p>\n","protected":false},"author":2,"featured_media":6612,"comment_status":"closed","ping_status":"closed","sticky":false,"template":"","format":"standard","meta":[],"categories":[90],"tags":[23,3],"geo":{"latitude":49.019165,"longitude":12.0957375,"description":"Wahlenstra\u00dfe 17, 93047 Regensburg, Deutschland"},"_links":{"self":[{"href":"https:\/\/bayerisches-jazzweekend.de\/prod\/wp-json\/wp\/v2\/posts\/6605"}],"collection":[{"href":"https:\/\/bayerisches-jazzweekend.de\/prod\/wp-json\/wp\/v2\/posts"}],"about":[{"href":"https:\/\/bayerisches-jazzweekend.de\/prod\/wp-json\/wp\/v2\/types\/post"}],"author":[{"embeddable":true,"href":"https:\/\/bayerisches-jazzweekend.de\/prod\/wp-json\/wp\/v2\/users\/2"}],"replies":[{"embeddable":true,"href":"https:\/\/bayerisches-jazzweekend.de\/prod\/wp-json\/wp\/v2\/comments?post=6605"}],"version-history":[{"count":4,"href":"https:\/\/bayerisches-jazzweekend.de\/prod\/wp-json\/wp\/v2\/posts\/6605\/revisions"}],"predecessor-version":[{"id":6643,"href":"https:\/\/bayerisches-jazzweekend.de\/prod\/wp-json\/wp\/v2\/posts\/6605\/revisions\/6643"}],"wp:featuredmedia":[{"embeddable":true,"href":"https:\/\/bayerisches-jazzweekend.de\/prod\/wp-json\/wp\/v2\/media\/6612"}],"wp:attachment":[{"href":"https:\/\/bayerisches-jazzweekend.de\/prod\/wp-json\/wp\/v2\/media?parent=6605"}],"wp:term":[{"taxonomy":"category","embeddable":true,"href":"https:\/\/bayerisches-jazzweekend.de\/prod\/wp-json\/wp\/v2\/categories?post=6605"},{"taxonomy":"post_tag","embeddable":true,"href":"https:\/\/bayerisches-jazzweekend.de\/prod\/wp-json\/wp\/v2\/tags?post=6605"}],"curies":[{"name":"wp","href":"https:\/\/api.w.org\/{rel}","templated":true}]}}