{"id":6028,"date":"2008-07-13T12:00:10","date_gmt":"2008-07-13T10:00:10","guid":{"rendered":"http:\/\/www.bayerisches-jazzweekend.de\/2008\/?p=195"},"modified":"2008-07-13T12:00:10","modified_gmt":"2008-07-13T10:00:10","slug":"hdv-trio-2","status":"publish","type":"post","link":"https:\/\/bayerisches-jazzweekend.de\/prod\/2008\/hdv-trio-2\/","title":{"rendered":"HDV Trio"},"content":{"rendered":"<p><img loading=\"lazy\" class=\"alignleft size-full wp-image-193\" title=\"hdv-trio_jpg\" src=\"http:\/\/www.bayerisches-jazzweekend.de\/2008\/wp-content\/uploads\/2008\/06\/hdv-trio_jpg.jpg\" alt=\"hdv-trio\" width=\"200\" height=\"150\" \/>&#8222;Celebrating Modern Genius&#8220; hei\u00dft die Debut-CD des Preistr\u00e4ger-Trios, das live nicht nur andere Genies zelebriert, sondern einen unglaublichen k\u00fcnstlerischen Genius beweist. Dabei sind die Eigenkompositionen aber keineswegs schwere Kost. Live an der Virtuosit\u00e4t der drei jungen Musiker teilhaben zu d\u00fcrfen, die schon fast traumwandlerisch interagieren, ist ein echtes Erlebnis.<\/p>\n","protected":false},"excerpt":{"rendered":"<p>&#8222;Celebrating Modern Genius&#8220; hei\u00dft die Debut-CD des Preistr\u00e4ger-Trios, das live nicht nur andere Genies zelebriert, sondern einen unglaublichen k\u00fcnstlerischen Genius beweist. Dabei sind die Eigenkompositionen aber keineswegs schwere Kost. Live an der Virtuosit\u00e4t der drei jungen Musiker teilhaben zu d\u00fcrfen, die schon fast traumwandlerisch interagieren, ist ein echtes Erlebnis.<\/p>\n","protected":false},"author":1,"featured_media":0,"comment_status":"open","ping_status":"open","sticky":false,"template":"","format":"standard","meta":[],"categories":[14],"tags":[29,123,3],"geo":null,"_links":{"self":[{"href":"https:\/\/bayerisches-jazzweekend.de\/prod\/wp-json\/wp\/v2\/posts\/6028"}],"collection":[{"href":"https:\/\/bayerisches-jazzweekend.de\/prod\/wp-json\/wp\/v2\/posts"}],"about":[{"href":"https:\/\/bayerisches-jazzweekend.de\/prod\/wp-json\/wp\/v2\/types\/post"}],"author":[{"embeddable":true,"href":"https:\/\/bayerisches-jazzweekend.de\/prod\/wp-json\/wp\/v2\/users\/1"}],"replies":[{"embeddable":true,"href":"https:\/\/bayerisches-jazzweekend.de\/prod\/wp-json\/wp\/v2\/comments?post=6028"}],"version-history":[{"count":0,"href":"https:\/\/bayerisches-jazzweekend.de\/prod\/wp-json\/wp\/v2\/posts\/6028\/revisions"}],"wp:attachment":[{"href":"https:\/\/bayerisches-jazzweekend.de\/prod\/wp-json\/wp\/v2\/media?parent=6028"}],"wp:term":[{"taxonomy":"category","embeddable":true,"href":"https:\/\/bayerisches-jazzweekend.de\/prod\/wp-json\/wp\/v2\/categories?post=6028"},{"taxonomy":"post_tag","embeddable":true,"href":"https:\/\/bayerisches-jazzweekend.de\/prod\/wp-json\/wp\/v2\/tags?post=6028"}],"curies":[{"name":"wp","href":"https:\/\/api.w.org\/{rel}","templated":true}]}}