{"id":5995,"date":"2008-07-11T19:00:59","date_gmt":"2008-07-11T17:00:59","guid":{"rendered":"http:\/\/www.bayerisches-jazzweekend.de\/2008\/?p=59"},"modified":"2008-07-11T19:00:59","modified_gmt":"2008-07-11T17:00:59","slug":"landes-jugendjazzorchester-bayern-2-2","status":"publish","type":"post","link":"https:\/\/bayerisches-jazzweekend.de\/prod\/2008\/landes-jugendjazzorchester-bayern-2-2\/","title":{"rendered":"Landes-Jugendjazzorchester Bayern"},"content":{"rendered":"<p><img loading=\"lazy\" class=\"alignleft size-full wp-image-57\" title=\"landes-jugendjazzorchester_jpg1\" src=\"http:\/\/www.bayerisches-jazzweekend.de\/2008\/wp-content\/uploads\/2008\/06\/landes-jugendjazzorchester_jpg1.jpg\" alt=\"landes-jugendjazzorchester\" width=\"200\" height=\"150\" \/>Die besten jungen Jazzer im Land pr\u00e4sentieren unter dem Motto &#8222;Dialog&#8220; die ersten Ergebnisse der diesj\u00e4hrigen kreativen Probenwoche mit dem k\u00fcnstlerischen Leiter Harald R\u00fcschenbaum in der Musikakademie Alteglofsheim. Am Sonntag folgt ein gemeinsames Matinee-Konzert mit der bei &#8218;Jugend jazzt&#8216; ausgezeichneten Sa-Wi-Du-Bap Big Band aus \u00d6sterreich.<\/p>\n<p><!--more--><\/p>\n\n","protected":false},"excerpt":{"rendered":"<p>Die besten jungen Jazzer im Land pr\u00e4sentieren unter dem Motto &#8222;Dialog&#8220; die ersten Ergebnisse der diesj\u00e4hrigen kreativen Probenwoche mit dem k\u00fcnstlerischen Leiter Harald R\u00fcschenbaum in der Musikakademie Alteglofsheim. Am Sonntag folgt ein gemeinsames Matinee-Konzert mit der bei &#8218;Jugend jazzt&#8216; ausgezeichneten Sa-Wi-Du-Bap Big Band aus \u00d6sterreich.<\/p>\n","protected":false},"author":1,"featured_media":0,"comment_status":"open","ping_status":"open","sticky":false,"template":"","format":"standard","meta":[],"categories":[14],"tags":[19,3,25,110],"geo":null,"_links":{"self":[{"href":"https:\/\/bayerisches-jazzweekend.de\/prod\/wp-json\/wp\/v2\/posts\/5995"}],"collection":[{"href":"https:\/\/bayerisches-jazzweekend.de\/prod\/wp-json\/wp\/v2\/posts"}],"about":[{"href":"https:\/\/bayerisches-jazzweekend.de\/prod\/wp-json\/wp\/v2\/types\/post"}],"author":[{"embeddable":true,"href":"https:\/\/bayerisches-jazzweekend.de\/prod\/wp-json\/wp\/v2\/users\/1"}],"replies":[{"embeddable":true,"href":"https:\/\/bayerisches-jazzweekend.de\/prod\/wp-json\/wp\/v2\/comments?post=5995"}],"version-history":[{"count":0,"href":"https:\/\/bayerisches-jazzweekend.de\/prod\/wp-json\/wp\/v2\/posts\/5995\/revisions"}],"wp:attachment":[{"href":"https:\/\/bayerisches-jazzweekend.de\/prod\/wp-json\/wp\/v2\/media?parent=5995"}],"wp:term":[{"taxonomy":"category","embeddable":true,"href":"https:\/\/bayerisches-jazzweekend.de\/prod\/wp-json\/wp\/v2\/categories?post=5995"},{"taxonomy":"post_tag","embeddable":true,"href":"https:\/\/bayerisches-jazzweekend.de\/prod\/wp-json\/wp\/v2\/tags?post=5995"}],"curies":[{"name":"wp","href":"https:\/\/api.w.org\/{rel}","templated":true}]}}