{"id":5666,"date":"2011-07-10T20:00:50","date_gmt":"2011-07-10T18:00:50","guid":{"rendered":"http:\/\/www.bayerisches-jazzweekend.de\/2011\/?p=1950"},"modified":"2011-07-10T20:00:50","modified_gmt":"2011-07-10T18:00:50","slug":"klangreform","status":"publish","type":"post","link":"https:\/\/bayerisches-jazzweekend.de\/prod\/2011\/klangreform\/","title":{"rendered":"Klangreform"},"content":{"rendered":"<p>Stimme &amp; Gitarre geloopt und verst\u00e4rkt<\/p>\n<p><a href=\"http:\/\/www.bayerisches-jazzweekend.de\/2011\/wp-content\/uploads\/2011\/07\/jw_Klangreform.jpg\"><img loading=\"lazy\" class=\"alignnone size-full wp-image-2262\" title=\"jw_Klangreform\" src=\"http:\/\/www.bayerisches-jazzweekend.de\/2011\/wp-content\/uploads\/2011\/07\/jw_Klangreform.jpg\" alt=\"Klangreform\" width=\"200\" height=\"150\" \/><\/a><\/p>\n<p>S\u00e4nger Michael F\u00fcrstberger und Gitarrist Christoph Gaertner haben sich zum Ziel gesetzt, die minimalistischste aller Bandbesetzungen voll auszusch\u00f6pfen. Die Erweiterung des Klangspektrums mit Technik und Loopger\u00e4ten wird aber nur so weit getrieben, dass dies live reproduzierbar bleibt und immer wieder von neuem in Echtzeit entstehen kann. In einem Moment noch sehr intim, wird die Musik so im n\u00e4chsten laut und mitrei\u00dfend.<\/p>\n","protected":false},"excerpt":{"rendered":"<p>Stimme &amp; Gitarre geloopt und verst\u00e4rkt S\u00e4nger Michael F\u00fcrstberger und Gitarrist Christoph Gaertner haben sich zum Ziel gesetzt, die minimalistischste aller Bandbesetzungen voll auszusch\u00f6pfen. Die Erweiterung des Klangspektrums mit Technik und Loopger\u00e4ten wird aber nur so weit getrieben, dass dies live reproduzierbar bleibt und immer wieder von neuem in Echtzeit entstehen kann. In einem Moment [&hellip;]<\/p>\n","protected":false},"author":2,"featured_media":0,"comment_status":"open","ping_status":"open","sticky":false,"template":"","format":"standard","meta":[],"categories":[56],"tags":[156,3,25,110],"geo":null,"_links":{"self":[{"href":"https:\/\/bayerisches-jazzweekend.de\/prod\/wp-json\/wp\/v2\/posts\/5666"}],"collection":[{"href":"https:\/\/bayerisches-jazzweekend.de\/prod\/wp-json\/wp\/v2\/posts"}],"about":[{"href":"https:\/\/bayerisches-jazzweekend.de\/prod\/wp-json\/wp\/v2\/types\/post"}],"author":[{"embeddable":true,"href":"https:\/\/bayerisches-jazzweekend.de\/prod\/wp-json\/wp\/v2\/users\/2"}],"replies":[{"embeddable":true,"href":"https:\/\/bayerisches-jazzweekend.de\/prod\/wp-json\/wp\/v2\/comments?post=5666"}],"version-history":[{"count":0,"href":"https:\/\/bayerisches-jazzweekend.de\/prod\/wp-json\/wp\/v2\/posts\/5666\/revisions"}],"wp:attachment":[{"href":"https:\/\/bayerisches-jazzweekend.de\/prod\/wp-json\/wp\/v2\/media?parent=5666"}],"wp:term":[{"taxonomy":"category","embeddable":true,"href":"https:\/\/bayerisches-jazzweekend.de\/prod\/wp-json\/wp\/v2\/categories?post=5666"},{"taxonomy":"post_tag","embeddable":true,"href":"https:\/\/bayerisches-jazzweekend.de\/prod\/wp-json\/wp\/v2\/tags?post=5666"}],"curies":[{"name":"wp","href":"https:\/\/api.w.org\/{rel}","templated":true}]}}