{"id":5640,"date":"2011-07-09T20:00:44","date_gmt":"2011-07-09T18:00:44","guid":{"rendered":"http:\/\/www.bayerisches-jazzweekend.de\/2011\/?p=1804"},"modified":"2011-07-09T20:00:44","modified_gmt":"2011-07-09T18:00:44","slug":"marco-lobo-e-convidados","status":"publish","type":"post","link":"https:\/\/bayerisches-jazzweekend.de\/prod\/2011\/marco-lobo-e-convidados\/","title":{"rendered":"Marco Lobo e Convidados"},"content":{"rendered":"<p>Deutsch-brasilianische Musikfreundschaft<\/p>\n<p><a href=\"http:\/\/www.bayerisches-jazzweekend.de\/2011\/wp-content\/uploads\/2011\/07\/jw_MarcoLobo.jpg\"><img loading=\"lazy\" class=\"alignnone size-full wp-image-2278\" title=\"jw_MarcoLobo\" src=\"http:\/\/www.bayerisches-jazzweekend.de\/2011\/wp-content\/uploads\/2011\/07\/jw_MarcoLobo.jpg\" alt=\"Marco Lobo\" width=\"200\" height=\"150\" \/><\/a><\/p>\n<p>Marco Lobo ist einer der gro\u00dfen Stars der brasilianischen Percussion-Szene. Mit Marcio Tubino an Fl\u00f6te und Saxophon, Pianist Walter Lang, Bassist Sven Faller und Gerwin Eisenhauer am Schlagzeug spielt er mitrei\u00dfende brasilianische Musik voll purer Spielfreude jenseits der Klischees von Bossa Nova und Karneval. Das dynamische und vielschichtige Zusammenspiel der Musiker gibt auch den solistischen H\u00f6henfl\u00fcgen eine neue Dimension.<\/p>\n","protected":false},"excerpt":{"rendered":"<p>Deutsch-brasilianische Musikfreundschaft Marco Lobo ist einer der gro\u00dfen Stars der brasilianischen Percussion-Szene. Mit Marcio Tubino an Fl\u00f6te und Saxophon, Pianist Walter Lang, Bassist Sven Faller und Gerwin Eisenhauer am Schlagzeug spielt er mitrei\u00dfende brasilianische Musik voll purer Spielfreude jenseits der Klischees von Bossa Nova und Karneval. Das dynamische und vielschichtige Zusammenspiel der Musiker gibt auch [&hellip;]<\/p>\n","protected":false},"author":2,"featured_media":0,"comment_status":"open","ping_status":"open","sticky":false,"template":"","format":"standard","meta":[],"categories":[14],"tags":[36],"geo":null,"_links":{"self":[{"href":"https:\/\/bayerisches-jazzweekend.de\/prod\/wp-json\/wp\/v2\/posts\/5640"}],"collection":[{"href":"https:\/\/bayerisches-jazzweekend.de\/prod\/wp-json\/wp\/v2\/posts"}],"about":[{"href":"https:\/\/bayerisches-jazzweekend.de\/prod\/wp-json\/wp\/v2\/types\/post"}],"author":[{"embeddable":true,"href":"https:\/\/bayerisches-jazzweekend.de\/prod\/wp-json\/wp\/v2\/users\/2"}],"replies":[{"embeddable":true,"href":"https:\/\/bayerisches-jazzweekend.de\/prod\/wp-json\/wp\/v2\/comments?post=5640"}],"version-history":[{"count":0,"href":"https:\/\/bayerisches-jazzweekend.de\/prod\/wp-json\/wp\/v2\/posts\/5640\/revisions"}],"wp:attachment":[{"href":"https:\/\/bayerisches-jazzweekend.de\/prod\/wp-json\/wp\/v2\/media?parent=5640"}],"wp:term":[{"taxonomy":"category","embeddable":true,"href":"https:\/\/bayerisches-jazzweekend.de\/prod\/wp-json\/wp\/v2\/categories?post=5640"},{"taxonomy":"post_tag","embeddable":true,"href":"https:\/\/bayerisches-jazzweekend.de\/prod\/wp-json\/wp\/v2\/tags?post=5640"}],"curies":[{"name":"wp","href":"https:\/\/api.w.org\/{rel}","templated":true}]}}