{"id":5632,"date":"2011-07-09T15:00:03","date_gmt":"2011-07-09T13:00:03","guid":{"rendered":"http:\/\/www.bayerisches-jazzweekend.de\/2011\/?p=1810"},"modified":"2011-07-09T15:00:03","modified_gmt":"2011-07-09T13:00:03","slug":"1st2nd","status":"publish","type":"post","link":"https:\/\/bayerisches-jazzweekend.de\/prod\/2011\/1st2nd\/","title":{"rendered":"1st 2nd"},"content":{"rendered":"<p>Markante Melodien voller Groove<\/p>\n<p><a href=\"http:\/\/www.bayerisches-jazzweekend.de\/2011\/wp-content\/uploads\/2011\/07\/jw_1st2nd.jpg\"><img loading=\"lazy\" class=\"alignnone size-full wp-image-1995\" title=\"jw_1st2nd\" src=\"http:\/\/www.bayerisches-jazzweekend.de\/2011\/wp-content\/uploads\/2011\/07\/jw_1st2nd.jpg\" alt=\"1st2nd\" width=\"200\" height=\"150\" \/><\/a><\/p>\n<p>Markante Melodien, abwechslungsreiche Harmonien, eing\u00e4ngige Rhythmen. Unter dem Motto \u201ejazz &amp; groove \u2014 listen &amp; move\u201c \u00a0komponiert Gitarrist Josef Geck St\u00fccke, die von der Band mit viel Spiel- und Experimentierfreude arrangiert und umgesetzt werden. Souver\u00e4n und vergn\u00fcglich bedienen sich Holzbl\u00e4ser Peter Gr\u00fcndl, Pianist Christian Schmalz, Bassist Alfred Niederhofer mit Schlagzeuger Ludwig Lang aus diversen Genres popul\u00e4rer Musik.<\/p>\n","protected":false},"excerpt":{"rendered":"<p>Markante Melodien voller Groove Markante Melodien, abwechslungsreiche Harmonien, eing\u00e4ngige Rhythmen. Unter dem Motto \u201ejazz &amp; groove \u2014 listen &amp; move\u201c \u00a0komponiert Gitarrist Josef Geck St\u00fccke, die von der Band mit viel Spiel- und Experimentierfreude arrangiert und umgesetzt werden. Souver\u00e4n und vergn\u00fcglich bedienen sich Holzbl\u00e4ser Peter Gr\u00fcndl, Pianist Christian Schmalz, Bassist Alfred Niederhofer mit Schlagzeuger Ludwig [&hellip;]<\/p>\n","protected":false},"author":2,"featured_media":0,"comment_status":"open","ping_status":"open","sticky":false,"template":"","format":"standard","meta":[],"categories":[11],"tags":[3,22],"geo":null,"_links":{"self":[{"href":"https:\/\/bayerisches-jazzweekend.de\/prod\/wp-json\/wp\/v2\/posts\/5632"}],"collection":[{"href":"https:\/\/bayerisches-jazzweekend.de\/prod\/wp-json\/wp\/v2\/posts"}],"about":[{"href":"https:\/\/bayerisches-jazzweekend.de\/prod\/wp-json\/wp\/v2\/types\/post"}],"author":[{"embeddable":true,"href":"https:\/\/bayerisches-jazzweekend.de\/prod\/wp-json\/wp\/v2\/users\/2"}],"replies":[{"embeddable":true,"href":"https:\/\/bayerisches-jazzweekend.de\/prod\/wp-json\/wp\/v2\/comments?post=5632"}],"version-history":[{"count":0,"href":"https:\/\/bayerisches-jazzweekend.de\/prod\/wp-json\/wp\/v2\/posts\/5632\/revisions"}],"wp:attachment":[{"href":"https:\/\/bayerisches-jazzweekend.de\/prod\/wp-json\/wp\/v2\/media?parent=5632"}],"wp:term":[{"taxonomy":"category","embeddable":true,"href":"https:\/\/bayerisches-jazzweekend.de\/prod\/wp-json\/wp\/v2\/categories?post=5632"},{"taxonomy":"post_tag","embeddable":true,"href":"https:\/\/bayerisches-jazzweekend.de\/prod\/wp-json\/wp\/v2\/tags?post=5632"}],"curies":[{"name":"wp","href":"https:\/\/api.w.org\/{rel}","templated":true}]}}