{"id":5622,"date":"2011-07-08T21:00:48","date_gmt":"2011-07-08T19:00:48","guid":{"rendered":"http:\/\/www.bayerisches-jazzweekend.de\/2011\/?p=1769"},"modified":"2011-07-08T21:00:48","modified_gmt":"2011-07-08T19:00:48","slug":"jean-quadrat","status":"publish","type":"post","link":"https:\/\/bayerisches-jazzweekend.de\/prod\/2011\/jean-quadrat\/","title":{"rendered":"Jean Quadrat"},"content":{"rendered":"<p>Kompakter Bandsound im Quintett<\/p>\n<p><a href=\"http:\/\/www.bayerisches-jazzweekend.de\/2011\/wp-content\/uploads\/2011\/07\/jw_JeanQuadrat.jpg\"><img loading=\"lazy\" class=\"alignnone size-full wp-image-2252\" title=\"jw_JeanQuadrat\" src=\"http:\/\/www.bayerisches-jazzweekend.de\/2011\/wp-content\/uploads\/2011\/07\/jw_JeanQuadrat.jpg\" alt=\"Jean Quadrat\" width=\"200\" height=\"150\" \/><\/a><\/p>\n<p>Jean Quadrat ist ein energiegeladenes Kollektiv, das auf und abseits der B\u00fchne geschlossen auftritt und Spa\u00df hat. Trompeter \u00a0Johannes B\u00f6hmer, Saxophonist Johannes Ludwig , Gitarrist\u00a0 Philip Czarnecki, Bassist Max Lei\u00df und Schlagzeuger Julian Fau leben in Berlin, Dresden, Amsterdam und N\u00fcrnberg, treffen sich aber in regelm\u00e4\u00dfigen Abst\u00e4nden, um zu proben und eigene Spielregeln f\u00fcr ihre Musik zu definieren, die sie mit viel Spannung und Seele spielen.<\/p>\n","protected":false},"excerpt":{"rendered":"<p>Kompakter Bandsound im Quintett Jean Quadrat ist ein energiegeladenes Kollektiv, das auf und abseits der B\u00fchne geschlossen auftritt und Spa\u00df hat. Trompeter \u00a0Johannes B\u00f6hmer, Saxophonist Johannes Ludwig , Gitarrist\u00a0 Philip Czarnecki, Bassist Max Lei\u00df und Schlagzeuger Julian Fau leben in Berlin, Dresden, Amsterdam und N\u00fcrnberg, treffen sich aber in regelm\u00e4\u00dfigen Abst\u00e4nden, um zu proben und [&hellip;]<\/p>\n","protected":false},"author":2,"featured_media":0,"comment_status":"open","ping_status":"open","sticky":false,"template":"","format":"standard","meta":[],"categories":[92],"tags":[3,33],"geo":null,"_links":{"self":[{"href":"https:\/\/bayerisches-jazzweekend.de\/prod\/wp-json\/wp\/v2\/posts\/5622"}],"collection":[{"href":"https:\/\/bayerisches-jazzweekend.de\/prod\/wp-json\/wp\/v2\/posts"}],"about":[{"href":"https:\/\/bayerisches-jazzweekend.de\/prod\/wp-json\/wp\/v2\/types\/post"}],"author":[{"embeddable":true,"href":"https:\/\/bayerisches-jazzweekend.de\/prod\/wp-json\/wp\/v2\/users\/2"}],"replies":[{"embeddable":true,"href":"https:\/\/bayerisches-jazzweekend.de\/prod\/wp-json\/wp\/v2\/comments?post=5622"}],"version-history":[{"count":0,"href":"https:\/\/bayerisches-jazzweekend.de\/prod\/wp-json\/wp\/v2\/posts\/5622\/revisions"}],"wp:attachment":[{"href":"https:\/\/bayerisches-jazzweekend.de\/prod\/wp-json\/wp\/v2\/media?parent=5622"}],"wp:term":[{"taxonomy":"category","embeddable":true,"href":"https:\/\/bayerisches-jazzweekend.de\/prod\/wp-json\/wp\/v2\/categories?post=5622"},{"taxonomy":"post_tag","embeddable":true,"href":"https:\/\/bayerisches-jazzweekend.de\/prod\/wp-json\/wp\/v2\/tags?post=5622"}],"curies":[{"name":"wp","href":"https:\/\/api.w.org\/{rel}","templated":true}]}}