{"id":5574,"date":"2012-07-08T18:00:28","date_gmt":"2012-07-08T16:00:28","guid":{"rendered":"http:\/\/www.bayerisches-jazzweekend.de\/2012\/?p=433"},"modified":"2012-07-08T18:00:28","modified_gmt":"2012-07-08T16:00:28","slug":"heiligensetzers-boogie-trio-5","status":"publish","type":"post","link":"https:\/\/bayerisches-jazzweekend.de\/prod\/2012\/heiligensetzers-boogie-trio-5\/","title":{"rendered":"Heiligensetzers Boogie Trio"},"content":{"rendered":"<p>Boogie Woogie Express Jazz<\/p>\n<p><a href=\"http:\/\/www.bayerisches-jazzweekend.de\/2012\/wp-content\/uploads\/2012\/07\/HeiligensetzersBoogieTrio.jpg\"><img loading=\"lazy\" class=\"alignnone size-full wp-image-661\" title=\"HeiligensetzersBoogieTrio\" src=\"http:\/\/www.bayerisches-jazzweekend.de\/2012\/wp-content\/uploads\/2012\/07\/HeiligensetzersBoogieTrio.jpg\" alt=\"Heiligensetzers Boogie Trio\" width=\"260\" height=\"180\" \/><\/a><\/p>\n<p>Pianist Matthias Heiligensetzer st\u00fcrzt sich mit Roberto Klinger am Bass und Wolfgang Kotsowilis am Schlagzeug auf bekannte Titel, die im Boogie-Kleid genauso attraktiv verpackt wirken wie die ma\u00dfgeschneiderten Eigenkompositionen. Dabei haben die drei bluesige Balladen wie groovende \u00dcberraschungen im Gep\u00e4ck.<\/p>\n","protected":false},"excerpt":{"rendered":"<p>Boogie Woogie Express Jazz Pianist Matthias Heiligensetzer st\u00fcrzt sich mit Roberto Klinger am Bass und Wolfgang Kotsowilis am Schlagzeug auf bekannte Titel, die im Boogie-Kleid genauso attraktiv verpackt wirken wie die ma\u00dfgeschneiderten Eigenkompositionen. Dabei haben die drei bluesige Balladen wie groovende \u00dcberraschungen im Gep\u00e4ck.<\/p>\n","protected":false},"author":3,"featured_media":0,"comment_status":"open","ping_status":"open","sticky":false,"template":"","format":"standard","meta":[],"categories":[14],"tags":[70,25],"geo":null,"_links":{"self":[{"href":"https:\/\/bayerisches-jazzweekend.de\/prod\/wp-json\/wp\/v2\/posts\/5574"}],"collection":[{"href":"https:\/\/bayerisches-jazzweekend.de\/prod\/wp-json\/wp\/v2\/posts"}],"about":[{"href":"https:\/\/bayerisches-jazzweekend.de\/prod\/wp-json\/wp\/v2\/types\/post"}],"author":[{"embeddable":true,"href":"https:\/\/bayerisches-jazzweekend.de\/prod\/wp-json\/wp\/v2\/users\/3"}],"replies":[{"embeddable":true,"href":"https:\/\/bayerisches-jazzweekend.de\/prod\/wp-json\/wp\/v2\/comments?post=5574"}],"version-history":[{"count":0,"href":"https:\/\/bayerisches-jazzweekend.de\/prod\/wp-json\/wp\/v2\/posts\/5574\/revisions"}],"wp:attachment":[{"href":"https:\/\/bayerisches-jazzweekend.de\/prod\/wp-json\/wp\/v2\/media?parent=5574"}],"wp:term":[{"taxonomy":"category","embeddable":true,"href":"https:\/\/bayerisches-jazzweekend.de\/prod\/wp-json\/wp\/v2\/categories?post=5574"},{"taxonomy":"post_tag","embeddable":true,"href":"https:\/\/bayerisches-jazzweekend.de\/prod\/wp-json\/wp\/v2\/tags?post=5574"}],"curies":[{"name":"wp","href":"https:\/\/api.w.org\/{rel}","templated":true}]}}