{"id":4788,"date":"2019-07-21T13:30:29","date_gmt":"2019-07-21T11:30:29","guid":{"rendered":"https:\/\/bayerisches-jazzweekend.de\/preview\/?p=4788"},"modified":"2019-07-10T09:42:47","modified_gmt":"2019-07-10T07:42:47","slug":"matthias-lindermayr","status":"publish","type":"post","link":"https:\/\/bayerisches-jazzweekend.de\/prod\/2019\/matthias-lindermayr\/","title":{"rendered":"Matthias Lindermayr"},"content":{"rendered":"\n<p>Einer der besten jungen deutschen Trompeter gibt sich die Ehre und projiziert mit seiner Band in glasklaren musikalischen Bildern seine Vision vom Aufbruch zu neuen Herausforderungen in den Hof des Thon-Dittmer-Palais.<br>Matthias Lindermayr hat als Komponist seinen Reifeprozess, seinen Erkenntnisgewinn um Priorit\u00e4ten und Werte, auf das Wesentliche konzentriert. Seinen versierten Bandkollegen l\u00e4sst er gerade dadurch den Raum sich einzubringen, seine Vorgaben mit ihrem eigenen Erfahrungsschatz zu bereichern. Ein spannendes H\u00f6rerlebnis, das substanzieller, aber auch freier wirkt als sein Debutalbum.<br>Das ist nicht weiter verwunderlich, denn mit seinem aktuellen Album &#8222;New Born&#8220; dokumentierte Trompeter Matthias Lindermayr einen Wendepunkt in seinem Leben: das Ende der Lehr- und Wanderjahre, zun\u00e4chst als Vollstipendiat zum Berklee College nach Boston, dann in Berlin, und den Beginn der Sesshaftigkeit in der alten Heimat, die R\u00fcckkehr nach M\u00fcnchen. Dieser Entschluss stand in unmittelbaren Zusammenhang mit der bevorstehenden Geburt seiner Tochter. Einige Tracks des Albums entstanden vor, andere nach der Geburt. <br>Bayern feiert seinen heimgekehrten Trompeter: 2018 wurde er mit dem <a rel=\"noreferrer noopener\" aria-label=\"Kunstf\u00f6rderpreis des Bayerischen Staatsministeriums f\u00fcr Wissenschaft und Kunst (\u00f6ffnet in neuem Tab)\" href=\"https:\/\/www.stmwk.bayern.de\/pressemitteilung\/11371\/nr-075-vom-11-07-2018.html\" target=\"_blank\">Kunstf\u00f6rderpreis des Bayerischen Staatsministeriums f\u00fcr Wissenschaft und Kunst<\/a> ausgezeichnet, im Juli 2019 erh\u00e4lt er den Musikf\u00f6rderpreis der Stadt M\u00fcnchen. <\/p>\n","protected":false},"excerpt":{"rendered":"<p>Einer der besten jungen deutschen Trompeter gibt sich die Ehre und projiziert mit seiner Band in glasklaren musikalischen Bildern seine Vision vom Aufbruch zu neuen Herausforderungen in den Hof des Thon-Dittmer-Palais.Matthias Lindermayr hat als Komponist seinen Reifeprozess, seinen Erkenntnisgewinn um Priorit\u00e4ten und Werte, auf das Wesentliche konzentriert. Seinen versierten Bandkollegen l\u00e4sst er gerade dadurch den [&hellip;]<\/p>\n","protected":false},"author":3,"featured_media":4945,"comment_status":"closed","ping_status":"closed","sticky":false,"template":"","format":"standard","meta":[],"categories":[88],"tags":[3,74],"geo":{"latitude":49.0199699,"longitude":12.0931597,"description":"Haidpl. 8, 93047 Regensburg, Deutschland"},"_links":{"self":[{"href":"https:\/\/bayerisches-jazzweekend.de\/prod\/wp-json\/wp\/v2\/posts\/4788"}],"collection":[{"href":"https:\/\/bayerisches-jazzweekend.de\/prod\/wp-json\/wp\/v2\/posts"}],"about":[{"href":"https:\/\/bayerisches-jazzweekend.de\/prod\/wp-json\/wp\/v2\/types\/post"}],"author":[{"embeddable":true,"href":"https:\/\/bayerisches-jazzweekend.de\/prod\/wp-json\/wp\/v2\/users\/3"}],"replies":[{"embeddable":true,"href":"https:\/\/bayerisches-jazzweekend.de\/prod\/wp-json\/wp\/v2\/comments?post=4788"}],"version-history":[{"count":6,"href":"https:\/\/bayerisches-jazzweekend.de\/prod\/wp-json\/wp\/v2\/posts\/4788\/revisions"}],"predecessor-version":[{"id":4955,"href":"https:\/\/bayerisches-jazzweekend.de\/prod\/wp-json\/wp\/v2\/posts\/4788\/revisions\/4955"}],"wp:featuredmedia":[{"embeddable":true,"href":"https:\/\/bayerisches-jazzweekend.de\/prod\/wp-json\/wp\/v2\/media\/4945"}],"wp:attachment":[{"href":"https:\/\/bayerisches-jazzweekend.de\/prod\/wp-json\/wp\/v2\/media?parent=4788"}],"wp:term":[{"taxonomy":"category","embeddable":true,"href":"https:\/\/bayerisches-jazzweekend.de\/prod\/wp-json\/wp\/v2\/categories?post=4788"},{"taxonomy":"post_tag","embeddable":true,"href":"https:\/\/bayerisches-jazzweekend.de\/prod\/wp-json\/wp\/v2\/tags?post=4788"}],"curies":[{"name":"wp","href":"https:\/\/api.w.org\/{rel}","templated":true}]}}