{"id":4695,"date":"2019-07-19T22:00:44","date_gmt":"2019-07-19T20:00:44","guid":{"rendered":"https:\/\/bayerisches-jazzweekend.de\/preview\/?p=4695"},"modified":"2019-07-04T10:28:59","modified_gmt":"2019-07-04T08:28:59","slug":"threeplay","status":"publish","type":"post","link":"https:\/\/bayerisches-jazzweekend.de\/prod\/2019\/threeplay\/","title":{"rendered":"Threeplay"},"content":{"rendered":"\n<p>Jeder f\u00fcr sich ein K\u00f6nner, werden Markus Heinze mit Bariton- und Tenorsaxophon, Stefan Berchtold am Bass und Sunk P\u00f6schl am Schlagzeug, zu Bringern f\u00fcr das Publikum: was die drei Musiker bei jedem gemeinsamen Auftritt eindrucksvoll servieren ist expressive musikalische Kommunikation, bei der die Teilnahme gl\u00fccklich macht.<\/p>\n","protected":false},"excerpt":{"rendered":"<p>Jeder f\u00fcr sich ein K\u00f6nner, werden Markus Heinze mit Bariton- und Tenorsaxophon, Stefan Berchtold am Bass und Sunk P\u00f6schl am Schlagzeug, zu Bringern f\u00fcr das Publikum: was die drei Musiker bei jedem gemeinsamen Auftritt eindrucksvoll servieren ist expressive musikalische Kommunikation, bei der die Teilnahme gl\u00fccklich macht.<\/p>\n","protected":false},"author":3,"featured_media":3318,"comment_status":"closed","ping_status":"closed","sticky":false,"template":"","format":"standard","meta":[],"categories":[103],"tags":[29,30,3],"geo":{"latitude":49.0199547,"longitude":12.091938,"description":"Regensburg, Bayern, 93047, DE"},"_links":{"self":[{"href":"https:\/\/bayerisches-jazzweekend.de\/prod\/wp-json\/wp\/v2\/posts\/4695"}],"collection":[{"href":"https:\/\/bayerisches-jazzweekend.de\/prod\/wp-json\/wp\/v2\/posts"}],"about":[{"href":"https:\/\/bayerisches-jazzweekend.de\/prod\/wp-json\/wp\/v2\/types\/post"}],"author":[{"embeddable":true,"href":"https:\/\/bayerisches-jazzweekend.de\/prod\/wp-json\/wp\/v2\/users\/3"}],"replies":[{"embeddable":true,"href":"https:\/\/bayerisches-jazzweekend.de\/prod\/wp-json\/wp\/v2\/comments?post=4695"}],"version-history":[{"count":3,"href":"https:\/\/bayerisches-jazzweekend.de\/prod\/wp-json\/wp\/v2\/posts\/4695\/revisions"}],"predecessor-version":[{"id":4920,"href":"https:\/\/bayerisches-jazzweekend.de\/prod\/wp-json\/wp\/v2\/posts\/4695\/revisions\/4920"}],"wp:featuredmedia":[{"embeddable":true,"href":"https:\/\/bayerisches-jazzweekend.de\/prod\/wp-json\/wp\/v2\/media\/3318"}],"wp:attachment":[{"href":"https:\/\/bayerisches-jazzweekend.de\/prod\/wp-json\/wp\/v2\/media?parent=4695"}],"wp:term":[{"taxonomy":"category","embeddable":true,"href":"https:\/\/bayerisches-jazzweekend.de\/prod\/wp-json\/wp\/v2\/categories?post=4695"},{"taxonomy":"post_tag","embeddable":true,"href":"https:\/\/bayerisches-jazzweekend.de\/prod\/wp-json\/wp\/v2\/tags?post=4695"}],"curies":[{"name":"wp","href":"https:\/\/api.w.org\/{rel}","templated":true}]}}