{"id":4642,"date":"2019-07-18T19:30:48","date_gmt":"2019-07-18T17:30:48","guid":{"rendered":"https:\/\/bayerisches-jazzweekend.de\/preview\/?p=4642"},"modified":"2019-08-12T14:15:39","modified_gmt":"2019-08-12T12:15:39","slug":"mega-mereneu-project","status":"publish","type":"post","link":"https:\/\/bayerisches-jazzweekend.de\/prod\/2019\/mega-mereneu-project\/","title":{"rendered":"Mega Mereneu Project"},"content":{"rendered":"\r\n<p>Posaunisten-Ikone Luis Bonilla beschreibt die Musik von Emiliano Sampaio als &#8222;musical poetry in motion&#8220;. Die m\u00e4rchenhafte Erz\u00e4hlkraft seiner schillernden Kompositionen und Arrangements wird von einigen der besten Jazzmusikern des Landes Steiermark im Big-Band-Format in Szene gesetzt. Bei aller Komplexit\u00e4t lassen die musikalsischen Strukturen den Solisten gen\u00fcgend Raum, sich mit kongenialen Soli in das Geschehen einzubringen<\/p>\r\n<p>Auf der relativ engen B\u00fchne im Gewerbepark Regensburg bewies die Formation welche komprimierte Kraft von einer eingespielten und offensichtlich auf den Auftritt auch bestens eingestimmten Gro\u00dfformation ausgehen kann. Das Konzert in Regensburg bewies: Hier handelt es sich um ein Bigband-Ereignis, bei dem nicht nur der Bauch, sondern auch das Gehirn auf Hochtouren kommt, vergn\u00fcgt sich der ge\u00fcbte Jazzfan darin, den Wurzeln des Geh\u00f6rten nachzusp\u00fcren.<\/p>\r\n<p>Die Besucher des Gewerbeparks Regensburg konnten sich davon \u00fcberzeugen, dass Emiliano Sampaio sich als Komponist und Bandleader durch eine Pr\u00e4szision auszeichnet, die es ihm erlaubt, seinen hervorragenden Musikern den individuellen Spielraum zu geben, die eigenen St\u00e4rken einzubringen. Jeder Blick auf die B\u00fchne beweist: hier haben sich aus allen Teilen der Erde hochbegabte Individuen gefunden, die sich mit Begeisterung in den Dienst des Ganzen stellen und Rhythmik wie Dynamik im Team als Sprungbretter auf neue Erfahrungsebenen benutzen.<\/p>\r\n<p>Kein &#8222;Easy Listening&#8220;, aber eine abwechslungsreiche und anregende Geh\u00f6r-Schulung, die Horizonte erweitert und Lust auf mehr macht.<\/p>\r\n<p>F\u00fcr einen gelungenen Aufbruch in eine eigene Bigband-Sph\u00e4re die \u00fcber allen Erwartungen stilsicher schwebte: Respekt!<\/p>\r\n<p style=\"padding-left: 40px;\"><em>Eindr\u00fccke vom Auftritt sind links verewigt, ein Klick darauf f\u00fchrt zur gro\u00dfen Version der Bilder.<\/em><\/p>\r\n<div id='gallery-1' class='gallery galleryid-4642 gallery-columns-3 gallery-size-thumbnail'><figure class='gallery-item'>\n\t\t\t<div class='gallery-icon landscape'>\n\t\t\t\t<a href='https:\/\/bayerisches-jazzweekend.de\/prod\/2019\/mega-mereneu-project\/schaulaufen-18\/'><img width=\"150\" height=\"150\" src=\"https:\/\/bayerisches-jazzweekend.de\/prod\/wp-content\/uploads\/2019\/07\/01_Mega-Mereneu-P._P1590680_rol_bjw19-DO-150x150.jpg\" class=\"attachment-thumbnail size-thumbnail\" alt=\"\" loading=\"lazy\" aria-describedby=\"gallery-1-5010\" srcset=\"https:\/\/bayerisches-jazzweekend.de\/prod\/wp-content\/uploads\/2019\/07\/01_Mega-Mereneu-P._P1590680_rol_bjw19-DO-150x150.jpg 150w, https:\/\/bayerisches-jazzweekend.de\/prod\/wp-content\/uploads\/2019\/07\/01_Mega-Mereneu-P._P1590680_rol_bjw19-DO-100x100.jpg 100w\" sizes=\"(max-width: 150px) 100vw, 150px\" \/><\/a>\n\t\t\t<\/div>\n\t\t\t\t<figcaption class='wp-caption-text gallery-caption' id='gallery-1-5010'>\n\t\t\t\tMega Mereneu Project im Gewerbepark Regensburg\n\t\t\t\t<\/figcaption><\/figure><figure class='gallery-item'>\n\t\t\t<div class='gallery-icon landscape'>\n\t\t\t\t<a href='https:\/\/bayerisches-jazzweekend.de\/prod\/2019\/mega-mereneu-project\/schaulaufen-19\/'><img width=\"150\" height=\"150\" src=\"https:\/\/bayerisches-jazzweekend.de\/prod\/wp-content\/uploads\/2019\/07\/02_Mega-Mereneu-P._P1590689_rol_bjw19-DO-150x150.jpg\" class=\"attachment-thumbnail size-thumbnail\" alt=\"\" loading=\"lazy\" aria-describedby=\"gallery-1-5011\" srcset=\"https:\/\/bayerisches-jazzweekend.de\/prod\/wp-content\/uploads\/2019\/07\/02_Mega-Mereneu-P._P1590689_rol_bjw19-DO-150x150.jpg 150w, https:\/\/bayerisches-jazzweekend.de\/prod\/wp-content\/uploads\/2019\/07\/02_Mega-Mereneu-P._P1590689_rol_bjw19-DO-100x100.jpg 100w\" sizes=\"(max-width: 150px) 100vw, 150px\" \/><\/a>\n\t\t\t<\/div>\n\t\t\t\t<figcaption class='wp-caption-text gallery-caption' id='gallery-1-5011'>\n\t\t\t\tMega Mereneu Project im Gewerbepark Regensburg\n\t\t\t\t<\/figcaption><\/figure><figure class='gallery-item'>\n\t\t\t<div class='gallery-icon landscape'>\n\t\t\t\t<a href='https:\/\/bayerisches-jazzweekend.de\/prod\/2019\/mega-mereneu-project\/schaulaufen-20\/'><img width=\"150\" height=\"150\" src=\"https:\/\/bayerisches-jazzweekend.de\/prod\/wp-content\/uploads\/2019\/07\/03_Mega-Mereneu-P._P1590691_rol_bjw19-DO-150x150.jpg\" class=\"attachment-thumbnail size-thumbnail\" alt=\"\" loading=\"lazy\" aria-describedby=\"gallery-1-5012\" srcset=\"https:\/\/bayerisches-jazzweekend.de\/prod\/wp-content\/uploads\/2019\/07\/03_Mega-Mereneu-P._P1590691_rol_bjw19-DO-150x150.jpg 150w, https:\/\/bayerisches-jazzweekend.de\/prod\/wp-content\/uploads\/2019\/07\/03_Mega-Mereneu-P._P1590691_rol_bjw19-DO-100x100.jpg 100w\" sizes=\"(max-width: 150px) 100vw, 150px\" \/><\/a>\n\t\t\t<\/div>\n\t\t\t\t<figcaption class='wp-caption-text gallery-caption' id='gallery-1-5012'>\n\t\t\t\tMega Mereneu Project im Gewerbepark Regensburg\n\t\t\t\t<\/figcaption><\/figure><figure class='gallery-item'>\n\t\t\t<div class='gallery-icon portrait'>\n\t\t\t\t<a href='https:\/\/bayerisches-jazzweekend.de\/prod\/2019\/mega-mereneu-project\/schaulaufen-21\/'><img width=\"150\" height=\"150\" src=\"https:\/\/bayerisches-jazzweekend.de\/prod\/wp-content\/uploads\/2019\/07\/04_Mega-Mereneu-P._P1590758_rol_bjw19-DO-150x150.jpg\" class=\"attachment-thumbnail size-thumbnail\" alt=\"\" loading=\"lazy\" aria-describedby=\"gallery-1-5013\" srcset=\"https:\/\/bayerisches-jazzweekend.de\/prod\/wp-content\/uploads\/2019\/07\/04_Mega-Mereneu-P._P1590758_rol_bjw19-DO-150x150.jpg 150w, https:\/\/bayerisches-jazzweekend.de\/prod\/wp-content\/uploads\/2019\/07\/04_Mega-Mereneu-P._P1590758_rol_bjw19-DO-100x100.jpg 100w\" sizes=\"(max-width: 150px) 100vw, 150px\" \/><\/a>\n\t\t\t<\/div>\n\t\t\t\t<figcaption class='wp-caption-text gallery-caption' id='gallery-1-5013'>\n\t\t\t\tEmiliano Sampaio (g, comp, ld)\n\t\t\t\t<\/figcaption><\/figure><figure class='gallery-item'>\n\t\t\t<div class='gallery-icon portrait'>\n\t\t\t\t<a href='https:\/\/bayerisches-jazzweekend.de\/prod\/2019\/mega-mereneu-project\/schaulaufen-22\/'><img width=\"150\" height=\"150\" src=\"https:\/\/bayerisches-jazzweekend.de\/prod\/wp-content\/uploads\/2019\/07\/05_Mega-Mereneu-P._P1590957_rol_bjw19-DO-150x150.jpg\" class=\"attachment-thumbnail size-thumbnail\" alt=\"\" loading=\"lazy\" aria-describedby=\"gallery-1-5014\" srcset=\"https:\/\/bayerisches-jazzweekend.de\/prod\/wp-content\/uploads\/2019\/07\/05_Mega-Mereneu-P._P1590957_rol_bjw19-DO-150x150.jpg 150w, https:\/\/bayerisches-jazzweekend.de\/prod\/wp-content\/uploads\/2019\/07\/05_Mega-Mereneu-P._P1590957_rol_bjw19-DO-100x100.jpg 100w\" sizes=\"(max-width: 150px) 100vw, 150px\" \/><\/a>\n\t\t\t<\/div>\n\t\t\t\t<figcaption class='wp-caption-text gallery-caption' id='gallery-1-5014'>\n\t\t\t\tMega Mereneu Project im Gewerbepark Regensburg\n\t\t\t\t<\/figcaption><\/figure><figure class='gallery-item'>\n\t\t\t<div class='gallery-icon portrait'>\n\t\t\t\t<a href='https:\/\/bayerisches-jazzweekend.de\/prod\/2019\/mega-mereneu-project\/schaulaufen-23\/'><img width=\"150\" height=\"150\" src=\"https:\/\/bayerisches-jazzweekend.de\/prod\/wp-content\/uploads\/2019\/07\/06_Mega-Mereneu-P._P1590802_rol_bjw19-DO-150x150.jpg\" class=\"attachment-thumbnail size-thumbnail\" alt=\"\" loading=\"lazy\" aria-describedby=\"gallery-1-5015\" srcset=\"https:\/\/bayerisches-jazzweekend.de\/prod\/wp-content\/uploads\/2019\/07\/06_Mega-Mereneu-P._P1590802_rol_bjw19-DO-150x150.jpg 150w, https:\/\/bayerisches-jazzweekend.de\/prod\/wp-content\/uploads\/2019\/07\/06_Mega-Mereneu-P._P1590802_rol_bjw19-DO-100x100.jpg 100w\" sizes=\"(max-width: 150px) 100vw, 150px\" \/><\/a>\n\t\t\t<\/div>\n\t\t\t\t<figcaption class='wp-caption-text gallery-caption' id='gallery-1-5015'>\n\t\t\t\tEmiliano Sampaio (g, comp, ld)\n\t\t\t\t<\/figcaption><\/figure><figure class='gallery-item'>\n\t\t\t<div class='gallery-icon landscape'>\n\t\t\t\t<a href='https:\/\/bayerisches-jazzweekend.de\/prod\/2019\/mega-mereneu-project\/schaulaufen-24\/'><img width=\"150\" height=\"150\" src=\"https:\/\/bayerisches-jazzweekend.de\/prod\/wp-content\/uploads\/2019\/07\/07_Mega-Mereneu-P._P1590692_rol_bjw19-DO-150x150.jpg\" class=\"attachment-thumbnail size-thumbnail\" alt=\"\" loading=\"lazy\" aria-describedby=\"gallery-1-5016\" srcset=\"https:\/\/bayerisches-jazzweekend.de\/prod\/wp-content\/uploads\/2019\/07\/07_Mega-Mereneu-P._P1590692_rol_bjw19-DO-150x150.jpg 150w, https:\/\/bayerisches-jazzweekend.de\/prod\/wp-content\/uploads\/2019\/07\/07_Mega-Mereneu-P._P1590692_rol_bjw19-DO-100x100.jpg 100w\" sizes=\"(max-width: 150px) 100vw, 150px\" \/><\/a>\n\t\t\t<\/div>\n\t\t\t\t<figcaption class='wp-caption-text gallery-caption' id='gallery-1-5016'>\n\t\t\t\tMega Mereneu Project im Gewerbepark Regensburg\n\t\t\t\t<\/figcaption><\/figure><figure class='gallery-item'>\n\t\t\t<div class='gallery-icon landscape'>\n\t\t\t\t<a href='https:\/\/bayerisches-jazzweekend.de\/prod\/2019\/mega-mereneu-project\/schaulaufen-25\/'><img width=\"150\" height=\"150\" src=\"https:\/\/bayerisches-jazzweekend.de\/prod\/wp-content\/uploads\/2019\/07\/08_Mega-Mereneu-P._P1590716_rol_bjw19-DO-150x150.jpg\" class=\"attachment-thumbnail size-thumbnail\" alt=\"\" loading=\"lazy\" aria-describedby=\"gallery-1-5017\" srcset=\"https:\/\/bayerisches-jazzweekend.de\/prod\/wp-content\/uploads\/2019\/07\/08_Mega-Mereneu-P._P1590716_rol_bjw19-DO-150x150.jpg 150w, https:\/\/bayerisches-jazzweekend.de\/prod\/wp-content\/uploads\/2019\/07\/08_Mega-Mereneu-P._P1590716_rol_bjw19-DO-100x100.jpg 100w\" sizes=\"(max-width: 150px) 100vw, 150px\" \/><\/a>\n\t\t\t<\/div>\n\t\t\t\t<figcaption class='wp-caption-text gallery-caption' id='gallery-1-5017'>\n\t\t\t\tMega Mereneu Project im Gewerbepark Regensburg\n\t\t\t\t<\/figcaption><\/figure><figure class='gallery-item'>\n\t\t\t<div class='gallery-icon landscape'>\n\t\t\t\t<a href='https:\/\/bayerisches-jazzweekend.de\/prod\/2019\/mega-mereneu-project\/schaulaufen-26\/'><img width=\"150\" height=\"150\" src=\"https:\/\/bayerisches-jazzweekend.de\/prod\/wp-content\/uploads\/2019\/07\/09-Mega-Mereneu-P._DSC_0242_uli_bjw19-DO-150x150.jpg\" class=\"attachment-thumbnail size-thumbnail\" alt=\"\" loading=\"lazy\" aria-describedby=\"gallery-1-5018\" srcset=\"https:\/\/bayerisches-jazzweekend.de\/prod\/wp-content\/uploads\/2019\/07\/09-Mega-Mereneu-P._DSC_0242_uli_bjw19-DO-150x150.jpg 150w, https:\/\/bayerisches-jazzweekend.de\/prod\/wp-content\/uploads\/2019\/07\/09-Mega-Mereneu-P._DSC_0242_uli_bjw19-DO-100x100.jpg 100w\" sizes=\"(max-width: 150px) 100vw, 150px\" \/><\/a>\n\t\t\t<\/div>\n\t\t\t\t<figcaption class='wp-caption-text gallery-caption' id='gallery-1-5018'>\n\t\t\t\tMega Mereneu Project im Gewerbepark Regensburg\n\t\t\t\t<\/figcaption><\/figure><figure class='gallery-item'>\n\t\t\t<div class='gallery-icon portrait'>\n\t\t\t\t<a href='https:\/\/bayerisches-jazzweekend.de\/prod\/2019\/mega-mereneu-project\/schaulaufen-27\/'><img width=\"150\" height=\"150\" src=\"https:\/\/bayerisches-jazzweekend.de\/prod\/wp-content\/uploads\/2019\/07\/10_Mega-Mereneu-P._P1590815_rol_bjw19-DO-150x150.jpg\" class=\"attachment-thumbnail size-thumbnail\" alt=\"\" loading=\"lazy\" aria-describedby=\"gallery-1-5019\" srcset=\"https:\/\/bayerisches-jazzweekend.de\/prod\/wp-content\/uploads\/2019\/07\/10_Mega-Mereneu-P._P1590815_rol_bjw19-DO-150x150.jpg 150w, https:\/\/bayerisches-jazzweekend.de\/prod\/wp-content\/uploads\/2019\/07\/10_Mega-Mereneu-P._P1590815_rol_bjw19-DO-100x100.jpg 100w\" sizes=\"(max-width: 150px) 100vw, 150px\" \/><\/a>\n\t\t\t<\/div>\n\t\t\t\t<figcaption class='wp-caption-text gallery-caption' id='gallery-1-5019'>\n\t\t\t\tMega Mereneu Project im Gewerbepark Regensburg\n\t\t\t\t<\/figcaption><\/figure><figure class='gallery-item'>\n\t\t\t<div class='gallery-icon portrait'>\n\t\t\t\t<a href='https:\/\/bayerisches-jazzweekend.de\/prod\/2019\/mega-mereneu-project\/schaulaufen-28\/'><img width=\"150\" height=\"150\" src=\"https:\/\/bayerisches-jazzweekend.de\/prod\/wp-content\/uploads\/2019\/07\/11_Mega-Mereneu-P._BSC_4547_tom_bjw19-DO-150x150.jpg\" class=\"attachment-thumbnail size-thumbnail\" alt=\"\" loading=\"lazy\" aria-describedby=\"gallery-1-5020\" srcset=\"https:\/\/bayerisches-jazzweekend.de\/prod\/wp-content\/uploads\/2019\/07\/11_Mega-Mereneu-P._BSC_4547_tom_bjw19-DO-150x150.jpg 150w, https:\/\/bayerisches-jazzweekend.de\/prod\/wp-content\/uploads\/2019\/07\/11_Mega-Mereneu-P._BSC_4547_tom_bjw19-DO-100x100.jpg 100w\" sizes=\"(max-width: 150px) 100vw, 150px\" \/><\/a>\n\t\t\t<\/div>\n\t\t\t\t<figcaption class='wp-caption-text gallery-caption' id='gallery-1-5020'>\n\t\t\t\tMichael Lagger (p,keyb)\n\t\t\t\t<\/figcaption><\/figure><figure class='gallery-item'>\n\t\t\t<div class='gallery-icon portrait'>\n\t\t\t\t<a href='https:\/\/bayerisches-jazzweekend.de\/prod\/2019\/mega-mereneu-project\/schaulaufen-29\/'><img width=\"150\" height=\"150\" src=\"https:\/\/bayerisches-jazzweekend.de\/prod\/wp-content\/uploads\/2019\/07\/12_Mega-Mereneu-P._P1590880_rol_bjw19-DO-150x150.jpg\" class=\"attachment-thumbnail size-thumbnail\" alt=\"\" loading=\"lazy\" aria-describedby=\"gallery-1-5021\" srcset=\"https:\/\/bayerisches-jazzweekend.de\/prod\/wp-content\/uploads\/2019\/07\/12_Mega-Mereneu-P._P1590880_rol_bjw19-DO-150x150.jpg 150w, https:\/\/bayerisches-jazzweekend.de\/prod\/wp-content\/uploads\/2019\/07\/12_Mega-Mereneu-P._P1590880_rol_bjw19-DO-100x100.jpg 100w\" sizes=\"(max-width: 150px) 100vw, 150px\" \/><\/a>\n\t\t\t<\/div>\n\t\t\t\t<figcaption class='wp-caption-text gallery-caption' id='gallery-1-5021'>\n\t\t\t\tLuis Andre (d)\n\t\t\t\t<\/figcaption><\/figure><figure class='gallery-item'>\n\t\t\t<div class='gallery-icon landscape'>\n\t\t\t\t<a href='https:\/\/bayerisches-jazzweekend.de\/prod\/2019\/mega-mereneu-project\/schaulaufen-30\/'><img width=\"150\" height=\"150\" src=\"https:\/\/bayerisches-jazzweekend.de\/prod\/wp-content\/uploads\/2019\/07\/13_Mega-Mereneu-P._P1590793_rol_bjw19-DO-150x150.jpg\" class=\"attachment-thumbnail size-thumbnail\" alt=\"\" loading=\"lazy\" aria-describedby=\"gallery-1-5022\" srcset=\"https:\/\/bayerisches-jazzweekend.de\/prod\/wp-content\/uploads\/2019\/07\/13_Mega-Mereneu-P._P1590793_rol_bjw19-DO-150x150.jpg 150w, https:\/\/bayerisches-jazzweekend.de\/prod\/wp-content\/uploads\/2019\/07\/13_Mega-Mereneu-P._P1590793_rol_bjw19-DO-100x100.jpg 100w\" sizes=\"(max-width: 150px) 100vw, 150px\" \/><\/a>\n\t\t\t<\/div>\n\t\t\t\t<figcaption class='wp-caption-text gallery-caption' id='gallery-1-5022'>\n\t\t\t\tM\u00e1ty\u00e1s Papp (tb)\n\t\t\t\t<\/figcaption><\/figure><figure class='gallery-item'>\n\t\t\t<div class='gallery-icon landscape'>\n\t\t\t\t<a href='https:\/\/bayerisches-jazzweekend.de\/prod\/2019\/mega-mereneu-project\/schaulaufen-31\/'><img width=\"150\" height=\"150\" src=\"https:\/\/bayerisches-jazzweekend.de\/prod\/wp-content\/uploads\/2019\/07\/14_Mega-Mereneu-P._P1590731_rol_bjw19-DO-150x150.jpg\" class=\"attachment-thumbnail size-thumbnail\" alt=\"\" loading=\"lazy\" aria-describedby=\"gallery-1-5023\" srcset=\"https:\/\/bayerisches-jazzweekend.de\/prod\/wp-content\/uploads\/2019\/07\/14_Mega-Mereneu-P._P1590731_rol_bjw19-DO-150x150.jpg 150w, https:\/\/bayerisches-jazzweekend.de\/prod\/wp-content\/uploads\/2019\/07\/14_Mega-Mereneu-P._P1590731_rol_bjw19-DO-100x100.jpg 100w\" sizes=\"(max-width: 150px) 100vw, 150px\" \/><\/a>\n\t\t\t<\/div>\n\t\t\t\t<figcaption class='wp-caption-text gallery-caption' id='gallery-1-5023'>\n\t\t\t\tDominic Pessl (tp)\n\t\t\t\t<\/figcaption><\/figure><figure class='gallery-item'>\n\t\t\t<div class='gallery-icon landscape'>\n\t\t\t\t<a href='https:\/\/bayerisches-jazzweekend.de\/prod\/2019\/mega-mereneu-project\/schaulaufen-32\/'><img width=\"150\" height=\"150\" src=\"https:\/\/bayerisches-jazzweekend.de\/prod\/wp-content\/uploads\/2019\/07\/15_Mega-Mereneu-P._P1590783_rol_bjw19-DO-150x150.jpg\" class=\"attachment-thumbnail size-thumbnail\" alt=\"\" loading=\"lazy\" aria-describedby=\"gallery-1-5024\" srcset=\"https:\/\/bayerisches-jazzweekend.de\/prod\/wp-content\/uploads\/2019\/07\/15_Mega-Mereneu-P._P1590783_rol_bjw19-DO-150x150.jpg 150w, https:\/\/bayerisches-jazzweekend.de\/prod\/wp-content\/uploads\/2019\/07\/15_Mega-Mereneu-P._P1590783_rol_bjw19-DO-100x100.jpg 100w\" sizes=\"(max-width: 150px) 100vw, 150px\" \/><\/a>\n\t\t\t<\/div>\n\t\t\t\t<figcaption class='wp-caption-text gallery-caption' id='gallery-1-5024'>\n\t\t\t\tMarkus Krofitsch (tp)\n\t\t\t\t<\/figcaption><\/figure><figure class='gallery-item'>\n\t\t\t<div class='gallery-icon landscape'>\n\t\t\t\t<a href='https:\/\/bayerisches-jazzweekend.de\/prod\/2019\/mega-mereneu-project\/schaulaufen-33\/'><img width=\"150\" height=\"150\" src=\"https:\/\/bayerisches-jazzweekend.de\/prod\/wp-content\/uploads\/2019\/07\/16_Mega-Mereneu-P._BSC_4531_tom_bjw19-DO-150x150.jpg\" class=\"attachment-thumbnail size-thumbnail\" alt=\"\" loading=\"lazy\" aria-describedby=\"gallery-1-5025\" srcset=\"https:\/\/bayerisches-jazzweekend.de\/prod\/wp-content\/uploads\/2019\/07\/16_Mega-Mereneu-P._BSC_4531_tom_bjw19-DO-150x150.jpg 150w, https:\/\/bayerisches-jazzweekend.de\/prod\/wp-content\/uploads\/2019\/07\/16_Mega-Mereneu-P._BSC_4531_tom_bjw19-DO-100x100.jpg 100w\" sizes=\"(max-width: 150px) 100vw, 150px\" \/><\/a>\n\t\t\t<\/div>\n\t\t\t\t<figcaption class='wp-caption-text gallery-caption' id='gallery-1-5025'>\n\t\t\t\tMega Mereneu Project im Gewerbepark Regensburg\n\t\t\t\t<\/figcaption><\/figure><figure class='gallery-item'>\n\t\t\t<div class='gallery-icon landscape'>\n\t\t\t\t<a href='https:\/\/bayerisches-jazzweekend.de\/prod\/2019\/mega-mereneu-project\/schaulaufen-34\/'><img width=\"150\" height=\"150\" src=\"https:\/\/bayerisches-jazzweekend.de\/prod\/wp-content\/uploads\/2019\/07\/17_Mega-Mereneu-P._BSC_4560_tom_bjw19-DO-150x150.jpg\" class=\"attachment-thumbnail size-thumbnail\" alt=\"\" loading=\"lazy\" aria-describedby=\"gallery-1-5026\" srcset=\"https:\/\/bayerisches-jazzweekend.de\/prod\/wp-content\/uploads\/2019\/07\/17_Mega-Mereneu-P._BSC_4560_tom_bjw19-DO-150x150.jpg 150w, https:\/\/bayerisches-jazzweekend.de\/prod\/wp-content\/uploads\/2019\/07\/17_Mega-Mereneu-P._BSC_4560_tom_bjw19-DO-100x100.jpg 100w\" sizes=\"(max-width: 150px) 100vw, 150px\" \/><\/a>\n\t\t\t<\/div>\n\t\t\t\t<figcaption class='wp-caption-text gallery-caption' id='gallery-1-5026'>\n\t\t\t\tPatrick Dunst (s)\n\t\t\t\t<\/figcaption><\/figure><figure class='gallery-item'>\n\t\t\t<div class='gallery-icon landscape'>\n\t\t\t\t<a href='https:\/\/bayerisches-jazzweekend.de\/prod\/2019\/mega-mereneu-project\/schaulaufen-35\/'><img width=\"150\" height=\"150\" src=\"https:\/\/bayerisches-jazzweekend.de\/prod\/wp-content\/uploads\/2019\/07\/18_Mega-Mereneu-P._DSC_0281_uli_bjw19-DO-150x150.jpg\" class=\"attachment-thumbnail size-thumbnail\" alt=\"\" loading=\"lazy\" aria-describedby=\"gallery-1-5027\" srcset=\"https:\/\/bayerisches-jazzweekend.de\/prod\/wp-content\/uploads\/2019\/07\/18_Mega-Mereneu-P._DSC_0281_uli_bjw19-DO-150x150.jpg 150w, https:\/\/bayerisches-jazzweekend.de\/prod\/wp-content\/uploads\/2019\/07\/18_Mega-Mereneu-P._DSC_0281_uli_bjw19-DO-100x100.jpg 100w\" sizes=\"(max-width: 150px) 100vw, 150px\" \/><\/a>\n\t\t\t<\/div>\n\t\t\t\t<figcaption class='wp-caption-text gallery-caption' id='gallery-1-5027'>\n\t\t\t\tMega Mereneu Project im Gewerbepark Regensburg\n\t\t\t\t<\/figcaption><\/figure><figure class='gallery-item'>\n\t\t\t<div class='gallery-icon landscape'>\n\t\t\t\t<a href='https:\/\/bayerisches-jazzweekend.de\/prod\/2019\/mega-mereneu-project\/schaulaufen-36\/'><img width=\"150\" height=\"150\" src=\"https:\/\/bayerisches-jazzweekend.de\/prod\/wp-content\/uploads\/2019\/07\/19_Mega-Mereneu-P._BSC_4621_tom_bjw19-DO-150x150.jpg\" class=\"attachment-thumbnail size-thumbnail\" alt=\"\" loading=\"lazy\" aria-describedby=\"gallery-1-5028\" srcset=\"https:\/\/bayerisches-jazzweekend.de\/prod\/wp-content\/uploads\/2019\/07\/19_Mega-Mereneu-P._BSC_4621_tom_bjw19-DO-150x150.jpg 150w, https:\/\/bayerisches-jazzweekend.de\/prod\/wp-content\/uploads\/2019\/07\/19_Mega-Mereneu-P._BSC_4621_tom_bjw19-DO-100x100.jpg 100w\" sizes=\"(max-width: 150px) 100vw, 150px\" \/><\/a>\n\t\t\t<\/div>\n\t\t\t\t<figcaption class='wp-caption-text gallery-caption' id='gallery-1-5028'>\n\t\t\t\tMega Mereneu Project im Gewerbepark Regensburg\n\t\t\t\t<\/figcaption><\/figure><figure class='gallery-item'>\n\t\t\t<div class='gallery-icon landscape'>\n\t\t\t\t<a href='https:\/\/bayerisches-jazzweekend.de\/prod\/2019\/mega-mereneu-project\/schaulaufen-37\/'><img width=\"150\" height=\"150\" src=\"https:\/\/bayerisches-jazzweekend.de\/prod\/wp-content\/uploads\/2019\/07\/20_Mega-Mereneu-P._P1590773_rol_bjw19-DO-150x150.jpg\" class=\"attachment-thumbnail size-thumbnail\" alt=\"\" loading=\"lazy\" aria-describedby=\"gallery-1-5029\" srcset=\"https:\/\/bayerisches-jazzweekend.de\/prod\/wp-content\/uploads\/2019\/07\/20_Mega-Mereneu-P._P1590773_rol_bjw19-DO-150x150.jpg 150w, https:\/\/bayerisches-jazzweekend.de\/prod\/wp-content\/uploads\/2019\/07\/20_Mega-Mereneu-P._P1590773_rol_bjw19-DO-100x100.jpg 100w\" sizes=\"(max-width: 150px) 100vw, 150px\" \/><\/a>\n\t\t\t<\/div>\n\t\t\t\t<figcaption class='wp-caption-text gallery-caption' id='gallery-1-5029'>\n\t\t\t\tEmiliano Sampaio (g, comp, ld)\n\t\t\t\t<\/figcaption><\/figure><figure class='gallery-item'>\n\t\t\t<div class='gallery-icon landscape'>\n\t\t\t\t<a href='https:\/\/bayerisches-jazzweekend.de\/prod\/2019\/mega-mereneu-project\/schaulaufen-38\/'><img width=\"150\" height=\"150\" src=\"https:\/\/bayerisches-jazzweekend.de\/prod\/wp-content\/uploads\/2019\/07\/21_Mega-Mereneu-P._DSC_0285_uli_bjw19-DO-150x150.jpg\" class=\"attachment-thumbnail size-thumbnail\" alt=\"\" loading=\"lazy\" aria-describedby=\"gallery-1-5030\" srcset=\"https:\/\/bayerisches-jazzweekend.de\/prod\/wp-content\/uploads\/2019\/07\/21_Mega-Mereneu-P._DSC_0285_uli_bjw19-DO-150x150.jpg 150w, https:\/\/bayerisches-jazzweekend.de\/prod\/wp-content\/uploads\/2019\/07\/21_Mega-Mereneu-P._DSC_0285_uli_bjw19-DO-100x100.jpg 100w\" sizes=\"(max-width: 150px) 100vw, 150px\" \/><\/a>\n\t\t\t<\/div>\n\t\t\t\t<figcaption class='wp-caption-text gallery-caption' id='gallery-1-5030'>\n\t\t\t\tMega Mereneu Project im Gewerbepark Regensburg\n\t\t\t\t<\/figcaption><\/figure><figure class='gallery-item'>\n\t\t\t<div class='gallery-icon landscape'>\n\t\t\t\t<a href='https:\/\/bayerisches-jazzweekend.de\/prod\/2019\/mega-mereneu-project\/schaulaufen-15\/'><img width=\"150\" height=\"150\" src=\"https:\/\/bayerisches-jazzweekend.de\/prod\/wp-content\/uploads\/2019\/07\/22_Mega-Mereneu-P._P1590736_rol_bjw19-DO-150x150.jpg\" class=\"attachment-thumbnail size-thumbnail\" alt=\"\" loading=\"lazy\" aria-describedby=\"gallery-1-5007\" srcset=\"https:\/\/bayerisches-jazzweekend.de\/prod\/wp-content\/uploads\/2019\/07\/22_Mega-Mereneu-P._P1590736_rol_bjw19-DO-150x150.jpg 150w, https:\/\/bayerisches-jazzweekend.de\/prod\/wp-content\/uploads\/2019\/07\/22_Mega-Mereneu-P._P1590736_rol_bjw19-DO-100x100.jpg 100w\" sizes=\"(max-width: 150px) 100vw, 150px\" \/><\/a>\n\t\t\t<\/div>\n\t\t\t\t<figcaption class='wp-caption-text gallery-caption' id='gallery-1-5007'>\n\t\t\t\tMega Mereneu Project im Gewerbepark Regensburg\n\t\t\t\t<\/figcaption><\/figure><figure class='gallery-item'>\n\t\t\t<div class='gallery-icon landscape'>\n\t\t\t\t<a href='https:\/\/bayerisches-jazzweekend.de\/prod\/2019\/mega-mereneu-project\/schaulaufen-16\/'><img width=\"150\" height=\"150\" src=\"https:\/\/bayerisches-jazzweekend.de\/prod\/wp-content\/uploads\/2019\/07\/23_Mega-Mereneu-P._DSC_0303_uli_bjw19-DO-150x150.jpg\" class=\"attachment-thumbnail size-thumbnail\" alt=\"\" loading=\"lazy\" aria-describedby=\"gallery-1-5008\" srcset=\"https:\/\/bayerisches-jazzweekend.de\/prod\/wp-content\/uploads\/2019\/07\/23_Mega-Mereneu-P._DSC_0303_uli_bjw19-DO-150x150.jpg 150w, https:\/\/bayerisches-jazzweekend.de\/prod\/wp-content\/uploads\/2019\/07\/23_Mega-Mereneu-P._DSC_0303_uli_bjw19-DO-100x100.jpg 100w\" sizes=\"(max-width: 150px) 100vw, 150px\" \/><\/a>\n\t\t\t<\/div>\n\t\t\t\t<figcaption class='wp-caption-text gallery-caption' id='gallery-1-5008'>\n\t\t\t\tPatrick Dunst (s)\n\t\t\t\t<\/figcaption><\/figure><figure class='gallery-item'>\n\t\t\t<div class='gallery-icon landscape'>\n\t\t\t\t<a href='https:\/\/bayerisches-jazzweekend.de\/prod\/2019\/mega-mereneu-project\/schaulaufen-17\/'><img width=\"150\" height=\"150\" src=\"https:\/\/bayerisches-jazzweekend.de\/prod\/wp-content\/uploads\/2019\/07\/24_Mega-Mereneu-P._P1590754_rol_bjw19-DO-150x150.jpg\" class=\"attachment-thumbnail size-thumbnail\" alt=\"\" loading=\"lazy\" aria-describedby=\"gallery-1-5009\" srcset=\"https:\/\/bayerisches-jazzweekend.de\/prod\/wp-content\/uploads\/2019\/07\/24_Mega-Mereneu-P._P1590754_rol_bjw19-DO-150x150.jpg 150w, https:\/\/bayerisches-jazzweekend.de\/prod\/wp-content\/uploads\/2019\/07\/24_Mega-Mereneu-P._P1590754_rol_bjw19-DO-100x100.jpg 100w\" sizes=\"(max-width: 150px) 100vw, 150px\" \/><\/a>\n\t\t\t<\/div>\n\t\t\t\t<figcaption class='wp-caption-text gallery-caption' id='gallery-1-5009'>\n\t\t\t\tMega Mereneu Project im Gewerbepark Regensburg\n\t\t\t\t<\/figcaption><\/figure>\n\t\t<\/div>\n\r\n\r\n\r\n\r\n<div class=\"wp-block-image\">\r\n<figure class=\"alignleft\"><img loading=\"lazy\" width=\"212\" height=\"150\" class=\"wp-image-4897\" src=\"https:\/\/bayerisches-jazzweekend.de\/preview\/wp-content\/uploads\/2019\/07\/Mega-Mereneu_A9_Kultur_Europa_Au\u00dfenbeziehungen_4C_212x150.jpg\" alt=\"Land Steiermark\" \/>\r\n<figcaption>unterst\u00fctzt diesen Auftritt. Herzlichen Dank!<\/figcaption>\r\n<\/figure>\r\n<\/div>\r\n\r\n<p>&nbsp;<\/p>","protected":false},"excerpt":{"rendered":"<p>Posaunisten-Ikone Luis Bonilla beschreibt die Musik von Emiliano Sampaio als &#8222;musical poetry in motion&#8220;. Die m\u00e4rchenhafte Erz\u00e4hlkraft seiner schillernden Kompositionen und Arrangements wird von einigen der besten Jazzmusikern des Landes Steiermark im Big-Band-Format in Szene gesetzt. Bei aller Komplexit\u00e4t lassen die musikalsischen Strukturen den Solisten gen\u00fcgend Raum, sich mit kongenialen Soli in das Geschehen einzubringen [&hellip;]<\/p>\n","protected":false},"author":3,"featured_media":4820,"comment_status":"closed","ping_status":"closed","sticky":false,"template":"","format":"gallery","meta":[],"categories":[83],"tags":[19,29,36,3],"geo":{"latitude":49.0296555,"longitude":12.1246729,"description":"Regensburg, Bayern, 93059, DE"},"_links":{"self":[{"href":"https:\/\/bayerisches-jazzweekend.de\/prod\/wp-json\/wp\/v2\/posts\/4642"}],"collection":[{"href":"https:\/\/bayerisches-jazzweekend.de\/prod\/wp-json\/wp\/v2\/posts"}],"about":[{"href":"https:\/\/bayerisches-jazzweekend.de\/prod\/wp-json\/wp\/v2\/types\/post"}],"author":[{"embeddable":true,"href":"https:\/\/bayerisches-jazzweekend.de\/prod\/wp-json\/wp\/v2\/users\/3"}],"replies":[{"embeddable":true,"href":"https:\/\/bayerisches-jazzweekend.de\/prod\/wp-json\/wp\/v2\/comments?post=4642"}],"version-history":[{"count":12,"href":"https:\/\/bayerisches-jazzweekend.de\/prod\/wp-json\/wp\/v2\/posts\/4642\/revisions"}],"predecessor-version":[{"id":5056,"href":"https:\/\/bayerisches-jazzweekend.de\/prod\/wp-json\/wp\/v2\/posts\/4642\/revisions\/5056"}],"wp:featuredmedia":[{"embeddable":true,"href":"https:\/\/bayerisches-jazzweekend.de\/prod\/wp-json\/wp\/v2\/media\/4820"}],"wp:attachment":[{"href":"https:\/\/bayerisches-jazzweekend.de\/prod\/wp-json\/wp\/v2\/media?parent=4642"}],"wp:term":[{"taxonomy":"category","embeddable":true,"href":"https:\/\/bayerisches-jazzweekend.de\/prod\/wp-json\/wp\/v2\/categories?post=4642"},{"taxonomy":"post_tag","embeddable":true,"href":"https:\/\/bayerisches-jazzweekend.de\/prod\/wp-json\/wp\/v2\/tags?post=4642"}],"curies":[{"name":"wp","href":"https:\/\/api.w.org\/{rel}","templated":true}]}}