{"id":2303,"date":"2016-07-10T15:30:47","date_gmt":"2016-07-10T13:30:47","guid":{"rendered":"http:\/\/bayerisches-jazzweekend.de\/2016\/?p=2303"},"modified":"2016-07-10T15:30:47","modified_gmt":"2016-07-10T13:30:47","slug":"swing-tanzen-verboten-2","status":"publish","type":"post","link":"https:\/\/bayerisches-jazzweekend.de\/prod\/2016\/swing-tanzen-verboten-2\/","title":{"rendered":"Swing tanzen verboten"},"content":{"rendered":"<p>Swing, den niemand aufhalten kann<\/p>\n<p><img loading=\"lazy\" class=\"alignnone wp-image-2732 size-full\" src=\"http:\/\/bayerisches-jazzweekend.de\/2016\/wp-content\/uploads\/2016\/07\/Swing-tanzen-verboten_septett-250x180.jpg\" alt=\"Swing tanzen verboten\" width=\"250\" height=\"180\" \/> Harmonisch ausgekl\u00fcgelt widmen sich die S\u00e4ngerinnen Barbara Fr\u00fchwald, Ute Legner und Andrea Rother mit ihrer hochkar\u00e4tigen Band St\u00fccken aus den 30er und 40er Jahren, die im freiheitsliebenden Swing die Rebellion gegen das herrschende Unrecht quasi in sich trugen.<\/p>\n","protected":false},"excerpt":{"rendered":"<p>Swing, den niemand aufhalten kann Harmonisch ausgekl\u00fcgelt widmen sich die S\u00e4ngerinnen Barbara Fr\u00fchwald, Ute Legner und Andrea Rother mit ihrer hochkar\u00e4tigen Band St\u00fccken aus den 30er und 40er Jahren, die im freiheitsliebenden Swing die Rebellion gegen das herrschende Unrecht quasi in sich trugen.<\/p>\n","protected":false},"author":2,"featured_media":0,"comment_status":"closed","ping_status":"closed","sticky":false,"template":"","format":"standard","meta":[],"categories":[132],"tags":[72,25,110],"geo":null,"_links":{"self":[{"href":"https:\/\/bayerisches-jazzweekend.de\/prod\/wp-json\/wp\/v2\/posts\/2303"}],"collection":[{"href":"https:\/\/bayerisches-jazzweekend.de\/prod\/wp-json\/wp\/v2\/posts"}],"about":[{"href":"https:\/\/bayerisches-jazzweekend.de\/prod\/wp-json\/wp\/v2\/types\/post"}],"author":[{"embeddable":true,"href":"https:\/\/bayerisches-jazzweekend.de\/prod\/wp-json\/wp\/v2\/users\/2"}],"replies":[{"embeddable":true,"href":"https:\/\/bayerisches-jazzweekend.de\/prod\/wp-json\/wp\/v2\/comments?post=2303"}],"version-history":[{"count":0,"href":"https:\/\/bayerisches-jazzweekend.de\/prod\/wp-json\/wp\/v2\/posts\/2303\/revisions"}],"wp:attachment":[{"href":"https:\/\/bayerisches-jazzweekend.de\/prod\/wp-json\/wp\/v2\/media?parent=2303"}],"wp:term":[{"taxonomy":"category","embeddable":true,"href":"https:\/\/bayerisches-jazzweekend.de\/prod\/wp-json\/wp\/v2\/categories?post=2303"},{"taxonomy":"post_tag","embeddable":true,"href":"https:\/\/bayerisches-jazzweekend.de\/prod\/wp-json\/wp\/v2\/tags?post=2303"}],"curies":[{"name":"wp","href":"https:\/\/api.w.org\/{rel}","templated":true}]}}