{"id":223,"date":"2007-07-14T15:30:30","date_gmt":"2007-07-14T13:30:30","guid":{"rendered":"http:\/\/www.bayerisches-jazzweekend.de\/2007\/programm\/2007\/07\/14\/stefan-wagner-group\/"},"modified":"2007-07-14T15:30:30","modified_gmt":"2007-07-14T13:30:30","slug":"stefan-wagner-group","status":"publish","type":"post","link":"https:\/\/bayerisches-jazzweekend.de\/prod\/2007\/stefan-wagner-group\/","title":{"rendered":"Stefan Wagner Group"},"content":{"rendered":"<p><img src=\"https:\/\/bayerisches-jazzweekend.de\/preview\/wp-content\/uploads\/2007\/06\/stefanwagnergroup_200x150.jpg\" alt=\"stefanwagnergroup_200\u00d7150.jpg\" \/>Die Musik der Band um den Wiener Gitarristen Stefan Wagner ist vor allem von Latin und Modern Jazz beeinflusst, scheut aber auch nicht vor Ausfl\u00fcgen zum Blues, Bebop oder Funk zur\u00fcck. Klare Melodielinien, ausgepr\u00e4gte musikalische Logik kennzeichnen die Kompositionen des Bandleaders und \u00f6ffnen den Musikern den Weg zu ausdrucksstarken Improvisationen.<\/p>\n","protected":false},"excerpt":{"rendered":"<p>Die Musik der Band um den Wiener Gitarristen Stefan Wagner ist vor allem von Latin und Modern Jazz beeinflusst, scheut aber auch nicht vor Ausfl\u00fcgen zum Blues, Bebop oder Funk zur\u00fcck. Klare Melodielinien, ausgepr\u00e4gte musikalische Logik kennzeichnen die Kompositionen des Bandleaders und \u00f6ffnen den Musikern den Weg zu ausdrucksstarken Improvisationen.<\/p>\n","protected":false},"author":1,"featured_media":0,"comment_status":"closed","ping_status":"closed","sticky":false,"template":"","format":"standard","meta":[],"categories":[11],"tags":[71,17,20,36,3],"geo":null,"_links":{"self":[{"href":"https:\/\/bayerisches-jazzweekend.de\/prod\/wp-json\/wp\/v2\/posts\/223"}],"collection":[{"href":"https:\/\/bayerisches-jazzweekend.de\/prod\/wp-json\/wp\/v2\/posts"}],"about":[{"href":"https:\/\/bayerisches-jazzweekend.de\/prod\/wp-json\/wp\/v2\/types\/post"}],"author":[{"embeddable":true,"href":"https:\/\/bayerisches-jazzweekend.de\/prod\/wp-json\/wp\/v2\/users\/1"}],"replies":[{"embeddable":true,"href":"https:\/\/bayerisches-jazzweekend.de\/prod\/wp-json\/wp\/v2\/comments?post=223"}],"version-history":[{"count":0,"href":"https:\/\/bayerisches-jazzweekend.de\/prod\/wp-json\/wp\/v2\/posts\/223\/revisions"}],"wp:attachment":[{"href":"https:\/\/bayerisches-jazzweekend.de\/prod\/wp-json\/wp\/v2\/media?parent=223"}],"wp:term":[{"taxonomy":"category","embeddable":true,"href":"https:\/\/bayerisches-jazzweekend.de\/prod\/wp-json\/wp\/v2\/categories?post=223"},{"taxonomy":"post_tag","embeddable":true,"href":"https:\/\/bayerisches-jazzweekend.de\/prod\/wp-json\/wp\/v2\/tags?post=223"}],"curies":[{"name":"wp","href":"https:\/\/api.w.org\/{rel}","templated":true}]}}