{"id":1825,"date":"2011-07-09T17:30:05","date_gmt":"2011-07-09T15:30:05","guid":{"rendered":"http:\/\/www.bayerisches-jazzweekend.de\/2011\/?p=1825"},"modified":"2011-07-09T17:30:05","modified_gmt":"2011-07-09T15:30:05","slug":"difusion-4","status":"publish","type":"post","link":"https:\/\/bayerisches-jazzweekend.de\/prod\/2011\/difusion-4\/","title":{"rendered":"DiFusion"},"content":{"rendered":"<p>Fusionierte Expressivit\u00e4t im Septett<\/p>\n<p><a href=\"http:\/\/www.bayerisches-jazzweekend.de\/2011\/wp-content\/uploads\/2011\/07\/jw_Difusion.jpg\"><img loading=\"lazy\" class=\"alignnone size-full wp-image-2063\" title=\"jw_Difusion\" src=\"http:\/\/www.bayerisches-jazzweekend.de\/2011\/wp-content\/uploads\/2011\/07\/jw_Difusion.jpg\" alt=\"Difusion\" width=\"200\" height=\"150\" \/><\/a><\/p>\n<p>Sieben Musiker aus Regensburg und Umgebung stecken ihre geb\u00fcndelte Energie in eigene Arrangements favorisierter Standards und eing\u00e4ngige Eigenkompositionen. Der von den Bl\u00e4sern gepr\u00e4gte, kompakte Bandsound l\u00e4sst genug Raum f\u00fcr spannende Soli. Druckvoller Funk oder rockige Kl\u00e4nge sind ebenso zu h\u00f6ren wie Latin-Rhythmen. Die Band greift auf den reichen Fundus der j\u00fcngeren Jazzgeschichte zur\u00fcck, um ihre eigene Vorstellungskraft zu untermauern.<\/p>\n","protected":false},"excerpt":{"rendered":"<p>Fusionierte Expressivit\u00e4t im Septett Sieben Musiker aus Regensburg und Umgebung stecken ihre geb\u00fcndelte Energie in eigene Arrangements favorisierter Standards und eing\u00e4ngige Eigenkompositionen. Der von den Bl\u00e4sern gepr\u00e4gte, kompakte Bandsound l\u00e4sst genug Raum f\u00fcr spannende Soli. Druckvoller Funk oder rockige Kl\u00e4nge sind ebenso zu h\u00f6ren wie Latin-Rhythmen. Die Band greift auf den reichen Fundus der j\u00fcngeren [&hellip;]<\/p>\n","protected":false},"author":2,"featured_media":0,"comment_status":"open","ping_status":"open","sticky":false,"template":"","format":"standard","meta":[],"categories":[10],"tags":[],"geo":null,"_links":{"self":[{"href":"https:\/\/bayerisches-jazzweekend.de\/prod\/wp-json\/wp\/v2\/posts\/1825"}],"collection":[{"href":"https:\/\/bayerisches-jazzweekend.de\/prod\/wp-json\/wp\/v2\/posts"}],"about":[{"href":"https:\/\/bayerisches-jazzweekend.de\/prod\/wp-json\/wp\/v2\/types\/post"}],"author":[{"embeddable":true,"href":"https:\/\/bayerisches-jazzweekend.de\/prod\/wp-json\/wp\/v2\/users\/2"}],"replies":[{"embeddable":true,"href":"https:\/\/bayerisches-jazzweekend.de\/prod\/wp-json\/wp\/v2\/comments?post=1825"}],"version-history":[{"count":0,"href":"https:\/\/bayerisches-jazzweekend.de\/prod\/wp-json\/wp\/v2\/posts\/1825\/revisions"}],"wp:attachment":[{"href":"https:\/\/bayerisches-jazzweekend.de\/prod\/wp-json\/wp\/v2\/media?parent=1825"}],"wp:term":[{"taxonomy":"category","embeddable":true,"href":"https:\/\/bayerisches-jazzweekend.de\/prod\/wp-json\/wp\/v2\/categories?post=1825"},{"taxonomy":"post_tag","embeddable":true,"href":"https:\/\/bayerisches-jazzweekend.de\/prod\/wp-json\/wp\/v2\/tags?post=1825"}],"curies":[{"name":"wp","href":"https:\/\/api.w.org\/{rel}","templated":true}]}}