{"id":135,"date":"2007-07-15T20:00:01","date_gmt":"2007-07-15T18:00:01","guid":{"rendered":"http:\/\/www.bayerisches-jazzweekend.de\/2007\/programm\/2007\/07\/15\/boltz-stauber\/"},"modified":"2007-07-15T20:00:01","modified_gmt":"2007-07-15T18:00:01","slug":"boltz-stauber","status":"publish","type":"post","link":"https:\/\/bayerisches-jazzweekend.de\/prod\/2007\/boltz-stauber\/","title":{"rendered":"Boltz &#038; Stauber"},"content":{"rendered":"<p class=\"MsoNormal\"><img src=\"https:\/\/bayerisches-jazzweekend.de\/preview\/wp-content\/uploads\/2007\/06\/boltzstauber_200x150.jpg\" alt=\"boltz+stauber\" \/>Von Klassikern wie &#8222;My Funny Valentine&#8220; \u00fcber &#8222;Summertime&#8220; bis hin zu &#8222;Time After Time&#8220; von Cyndi Lauper reicht das breit gef\u00e4cherte Repertoire dieses Duos. Wenn sich die farbenreiche Stimme von Stefanie Boltz mit der einf\u00fchlsamen Gitarre von Philipp Stauber vereint, nehmen die Zuh\u00f6rer begeistert an der swingenden Intensit\u00e4t dieser musikalischen Beziehung teil.<\/p>\n","protected":false},"excerpt":{"rendered":"<p>Von Klassikern wie &#8222;My Funny Valentine&#8220; \u00fcber &#8222;Summertime&#8220; bis hin zu &#8222;Time After Time&#8220; von Cyndi Lauper reicht das breit gef\u00e4cherte Repertoire dieses Duos. Wenn sich die farbenreiche Stimme von Stefanie Boltz mit der einf\u00fchlsamen Gitarre von Philipp Stauber vereint, nehmen die Zuh\u00f6rer begeistert an der swingenden Intensit\u00e4t dieser musikalischen Beziehung teil.<\/p>\n","protected":false},"author":1,"featured_media":0,"comment_status":"closed","ping_status":"closed","sticky":false,"template":"","format":"standard","meta":[],"categories":[115],"tags":[22,21,25,110],"geo":null,"_links":{"self":[{"href":"https:\/\/bayerisches-jazzweekend.de\/prod\/wp-json\/wp\/v2\/posts\/135"}],"collection":[{"href":"https:\/\/bayerisches-jazzweekend.de\/prod\/wp-json\/wp\/v2\/posts"}],"about":[{"href":"https:\/\/bayerisches-jazzweekend.de\/prod\/wp-json\/wp\/v2\/types\/post"}],"author":[{"embeddable":true,"href":"https:\/\/bayerisches-jazzweekend.de\/prod\/wp-json\/wp\/v2\/users\/1"}],"replies":[{"embeddable":true,"href":"https:\/\/bayerisches-jazzweekend.de\/prod\/wp-json\/wp\/v2\/comments?post=135"}],"version-history":[{"count":0,"href":"https:\/\/bayerisches-jazzweekend.de\/prod\/wp-json\/wp\/v2\/posts\/135\/revisions"}],"wp:attachment":[{"href":"https:\/\/bayerisches-jazzweekend.de\/prod\/wp-json\/wp\/v2\/media?parent=135"}],"wp:term":[{"taxonomy":"category","embeddable":true,"href":"https:\/\/bayerisches-jazzweekend.de\/prod\/wp-json\/wp\/v2\/categories?post=135"},{"taxonomy":"post_tag","embeddable":true,"href":"https:\/\/bayerisches-jazzweekend.de\/prod\/wp-json\/wp\/v2\/tags?post=135"}],"curies":[{"name":"wp","href":"https:\/\/api.w.org\/{rel}","templated":true}]}}