{"id":1081,"date":"2014-07-12T13:30:37","date_gmt":"2014-07-12T11:30:37","guid":{"rendered":"http:\/\/www.bayerisches-jazzweekend.de\/2014\/?p=1081"},"modified":"2014-07-12T13:30:37","modified_gmt":"2014-07-12T11:30:37","slug":"die-drei-damen","status":"publish","type":"post","link":"https:\/\/bayerisches-jazzweekend.de\/prod\/2014\/die-drei-damen\/","title":{"rendered":"Die Drei Damen"},"content":{"rendered":"<p>Dreistimmig Sinniges mit Hang zum Humor<\/p>\n<p><a href=\"http:\/\/www.bayerisches-jazzweekend.de\/2014\/wp-content\/uploads\/2013\/06\/3-Damen-Combo.jpg\"><img loading=\"lazy\" class=\"alignnone size-full wp-image-524\" src=\"http:\/\/www.bayerisches-jazzweekend.de\/2014\/wp-content\/uploads\/2013\/06\/3-Damen-Combo.jpg\" alt=\"Die Drei Damen\" width=\"260\" height=\"180\" \/><\/a><\/p>\n<p>Ob gemeinsam oder solo: die S\u00e4ngerinnen Lisa Wahlandt, Andrea Hermenau, die zudem Klavier spielt, und Christiane \u00d6ttl, die auch am Bass \u00fcberzeugt, stellen augenzwinkernd unter Beweis, dass eine jazzgepr\u00e4gte Mischung aus bekannten Titeln der Jazz- und Popgeschichte wie &#8222;Dat Dere&#8220; und &#8222;Abracadabra&#8220; mit eigenen Songs wie dem dialektgepr\u00e4gtem &#8222;Der Grantler&#8220; Humor und K\u00f6nnen eindrucksvoll vereinen kann.<\/p>\n","protected":false},"excerpt":{"rendered":"<p>Dreistimmig Sinniges mit Hang zum Humor Ob gemeinsam oder solo: die S\u00e4ngerinnen Lisa Wahlandt, Andrea Hermenau, die zudem Klavier spielt, und Christiane \u00d6ttl, die auch am Bass \u00fcberzeugt, stellen augenzwinkernd unter Beweis, dass eine jazzgepr\u00e4gte Mischung aus bekannten Titeln der Jazz- und Popgeschichte wie &#8222;Dat Dere&#8220; und &#8222;Abracadabra&#8220; mit eigenen Songs wie dem dialektgepr\u00e4gtem &#8222;Der [&hellip;]<\/p>\n","protected":false},"author":3,"featured_media":0,"comment_status":"closed","ping_status":"closed","sticky":false,"template":"","format":"standard","meta":[],"categories":[14],"tags":[27,36,22,25],"geo":null,"_links":{"self":[{"href":"https:\/\/bayerisches-jazzweekend.de\/prod\/wp-json\/wp\/v2\/posts\/1081"}],"collection":[{"href":"https:\/\/bayerisches-jazzweekend.de\/prod\/wp-json\/wp\/v2\/posts"}],"about":[{"href":"https:\/\/bayerisches-jazzweekend.de\/prod\/wp-json\/wp\/v2\/types\/post"}],"author":[{"embeddable":true,"href":"https:\/\/bayerisches-jazzweekend.de\/prod\/wp-json\/wp\/v2\/users\/3"}],"replies":[{"embeddable":true,"href":"https:\/\/bayerisches-jazzweekend.de\/prod\/wp-json\/wp\/v2\/comments?post=1081"}],"version-history":[{"count":0,"href":"https:\/\/bayerisches-jazzweekend.de\/prod\/wp-json\/wp\/v2\/posts\/1081\/revisions"}],"wp:attachment":[{"href":"https:\/\/bayerisches-jazzweekend.de\/prod\/wp-json\/wp\/v2\/media?parent=1081"}],"wp:term":[{"taxonomy":"category","embeddable":true,"href":"https:\/\/bayerisches-jazzweekend.de\/prod\/wp-json\/wp\/v2\/categories?post=1081"},{"taxonomy":"post_tag","embeddable":true,"href":"https:\/\/bayerisches-jazzweekend.de\/prod\/wp-json\/wp\/v2\/tags?post=1081"}],"curies":[{"name":"wp","href":"https:\/\/api.w.org\/{rel}","templated":true}]}}